{"id":15958,"date":"2023-07-21T09:00:00","date_gmt":"2023-07-21T09:00:00","guid":{"rendered":"https:\/\/www.theskyplanner.com\/?p=15958"},"modified":"2023-07-31T17:59:44","modified_gmt":"2023-07-31T17:59:44","slug":"dreamforce-2023-esta-llegando","status":"publish","type":"post","link":"https:\/\/www.theskyplanner.com\/es\/dreamforce-2023-esta-llegando\/","title":{"rendered":"\u00a1Dreamforce 2023 est\u00e1 llegando!"},"content":{"rendered":"\n<p>El megaevento insignia de Salesforce est\u00e1 a pocos meses de comenzar en la hermosa ciudad de San Francisco. Prep\u00e1rate para sumergirte en el mundo de la transformaci\u00f3n empresarial, bajo el enfoque IA + Datos + CRM. En esta ocasi\u00f3n, brinda la oportunidad de experimentar la innovaci\u00f3n impulsada por IA y descubrir un CRM m\u00e1s inteligente. En otras palabras, es una ventana para asomarte al futuro de los negocios mientras sientes la magia del evento.<\/p>\n\n\n\n<p>Durante esta edici\u00f3n se reunir\u00e1n m\u00e1s de 180 000 mentes curiosas y apasionadas para explorar el futuro de la nube, la tecnolog\u00eda empresarial, la inteligencia artificial y mucho m\u00e1s. \u00a1Imagina un escenario vibrante en el Moscone Center, lleno de charlas inspiradoras, talleres interactivos y emocionantes demostraciones de las \u00faltimas soluciones! Anota la fecha: del 12 al 14 de septiembre.<\/p>\n\n\n\n<h2 class=\"wp-block-heading\">\u00bfQu\u00e9 es Dreamforce?<\/h2>\n\n\n\n<p>Dreamforce no es solo una conferencia de Salesforce. Es una experiencia incomparable donde descubrir\u00e1s c\u00f3mo las empresas est\u00e1n reinventando la forma en que se conectan con los clientes, socios y empleados. Aqu\u00ed encontrar\u00e1s l\u00edderes de opini\u00f3n, visionarios y mentes creativas que est\u00e1n cambiando el juego empresarial.<\/p>\n\n\n\n<p>Como siempre, Salesforce propone su ya probada metodolog\u00eda de:<\/p>\n\n\n\n<ul class=\"wp-block-list\">\n<li><strong>Aprender: <\/strong>m\u00faltiples oportunidades de aprendizaje.<\/li>\n\n\n\n<li><strong>Conectar:<\/strong> conversaciones en tiempo real con l\u00edderes de opini\u00f3n y expertos.<\/li>\n\n\n\n<li><strong>Divertirse: <\/strong>artistas de renombre, fiestas de socios, sorpresas por doquier y el incre\u00edble Dreamfest.<\/li>\n\n\n\n<li><strong>Devolver:<\/strong> muestra el mejor esp\u00edritu Trailblazer ayudando a construir diversidad, inclusi\u00f3n, igualdad y sostenibilidad mediante acci\u00f3n y voluntariado.<\/li>\n<\/ul>\n\n\n\n<div class=\"table-responsive\">\n<table class=\"table my-5\">\n  <thead>\n    <tr class=\"text-body\">\n      <th colspan=\"3\" class=\"text-center border bg-transparent h4 py-3\">Programa DreamForce 2023<\/th>\n    <\/tr>\n  <\/thead>\n  <thead>\n    <tr class=\"text-white\">\n      <th scope=\"col\" style=\"background-color:#00bda7;\" class=\"border text-center\">martes, 12 de septiembre<\/th>\n      <th scope=\"col\" style=\"background-color:#00a0bd;\" class=\"border text-center\">mi\u00e9rcoles, 13 de septiembre<\/th>\n      <th scope=\"col\" style=\"background-color:#8a53bd;\" class=\"border text-center\">jueves, 14 de septiembre<\/th>\n    <\/tr>\n  <\/thead>\n  <tbody>\n    <tr> \n      <td class=\"border\">\n        <ul class=\"list-group\">\n          <li class=\"list-group-item\">Conferencias principales.<\/li>\n          <li class=\"list-group-item\">Anuncios de productos innovadores.<\/li>\n          <li class=\"list-group-item\">Sesiones sobre innovar con IA y datos.<\/li>\n          <li class=\"list-group-item\">Sesiones sobre industrias y roles espec\u00edficos.<\/li>\n          <li class=\"list-group-item\">Historias de \u00e9xito de los clientes en todo el Campground.<\/li>\n          <li class=\"list-group-item\">Networking y recepci\u00f3n de bienvenida.<\/li>\n        <\/ul>\n      <\/td>\n      <td class=\"border\">\n        <ul class=\"list-group\">\n          <li class=\"list-group-item\">Mapa de innovaciones de producto.<\/li>\n          <li class=\"list-group-item\">Talleres pr\u00e1cticos.<\/li>\n          <li class=\"list-group-item\">Sesiones de \u201c\u00c9tica de la IA\u201d.<\/li>\n          <li class=\"list-group-item\">Demostraciones inmersivas de \u00e9xito de clientes.<\/li>\n          <li class=\"list-group-item\">Lodges and Trailblazer Forest.<\/li>\n          <li class=\"list-group-item\">Dreamfest de primera categor\u00eda.<\/li>\n        <\/ul>\n      <\/td>\n      <td class=\"border\">\n        <ul class=\"list-group\">\n          <li class=\"list-group-item\">Conferencias inspiradoras de expertos y visionarios.<\/li>\n          <li class=\"list-group-item\">Mapa de innovaciones de producto.<\/li>\n          <li class=\"list-group-item\">Preguntas y respuestas en vivo con expertos de Salesforce en Fiel al N\u00facleo.<\/li>\n          <li class=\"list-group-item\">Sesiones de \u201cHacer el bien con IA\u201d<\/li>\n          <li class=\"list-group-item\">Competici\u00f3n Dreampitch al estilo Tanque de Tiburones.<\/li>\n          <li class=\"list-group-item\">Preparaci\u00f3n en vivo del Winter Release.<\/li>\n        <\/ul>\n      <\/td>\n    <\/tr>\n  <\/tbody>\n<\/table>\n<\/div>\n\n\n\n<h2 class=\"wp-block-heading\">\u00bfPor que participar?<\/h2>\n\n\n\n<p>\u00a1Porque es una experiencia profesional fant\u00e1stica! Pero si necesitas m\u00e1s argumentos, aqu\u00ed te van:<\/p>\n\n\n\n<ul class=\"wp-block-list\">\n<li>M\u00e1s de 1500 sesiones de aprendizaje disponibles, entre ellas:<\/li>\n\n\n\n<ul class=\"wp-block-list\">\n<li><strong>Conferencias principales: <\/strong>\u00faltimas innovaciones de productos y soluciones, as\u00ed como los anuncios m\u00e1s importantes de Salesforce, oradores visionarios e historias de \u00e9xito de los clientes.<\/li>\n\n\n\n<li><strong>Breakouts: <\/strong>presentaciones inmersivas sobre un producto, caracter\u00edstica o tem\u00e1tica espec\u00edfica. En aproximadamente 40 minutos, destinan una importante parte del tiempo a rondas de preguntas y respuestas con los presentadores.<\/li>\n\n\n\n<li><strong>Presentaciones:<\/strong> sesiones introductorias e informativas r\u00e1pidas (20 minutos) sobre un tema en particular. Pueden ser consejos y trucos o una presentaci\u00f3n de procedimientos.<\/li>\n\n\n\n<li><strong>Mesas redondas:<\/strong> peque\u00f1os grupos de discusi\u00f3n sobre una tem\u00e1tica en espec\u00edfico. Ideales para hacer networking y repensarse de conjunto los desaf\u00edos habituales que enfrenta la comunidad de Salesforce.<\/li>\n\n\n\n<li><strong>Talleres pr\u00e1cticos: <\/strong>capacitaciones dirigidas por expertos para aprender un producto o una habilidad.<\/li>\n<\/ul>\n\n\n\n<ul class=\"wp-block-list\">\n<li><strong>Conferencias principales:<\/strong> \u00faltimas innovaciones de productos y soluciones, as\u00ed como los anuncios m\u00e1s importantes de Salesforce, oradores visionarios e historias de \u00e9xito de los clientes.<\/li>\n\n\n\n<li><strong>Breakouts: <\/strong>presentaciones inmersivas sobre un producto, caracter\u00edstica o tem\u00e1tica espec\u00edfica. En aproximadamente 40 minutos, destinan una importante parte del tiempo a rondas de preguntas y respuestas con los presentadores.<\/li>\n\n\n\n<li><strong>Presentaciones: <\/strong>sesiones introductorias e informativas r\u00e1pidas (20 minutos) sobre un tema en particular. Pueden ser consejos y trucos o una presentaci\u00f3n de procedimientos.<\/li>\n\n\n\n<li><strong>Mesas redondas:<\/strong> peque\u00f1os grupos de discusi\u00f3n sobre una tem\u00e1tica en espec\u00edfico. Ideales para hacer networking y repensarse de conjunto los desaf\u00edos habituales que enfrenta la comunidad de Salesforce.<\/li>\n\n\n\n<li><strong>Talleres pr\u00e1cticos: <\/strong>capacitaciones dirigidas por expertos para aprender un producto o una habilidad.<\/li>\n<\/ul>\n\n\n\n<li>Alrededor de 8 oportunidades de certificaci\u00f3n. Todos los ex\u00e1menes de certificaci\u00f3n se llevar\u00e1n a cabo en el Marriott Marquis.<\/li>\n\n\n\n<li>Oportunidad de hacer todas las preguntas que tienes en mente a los ejecutivos senior de Salesforce, durante Fiel al N\u00facleo.<\/li>\n\n\n\n<li>Competici\u00f3n DreamPitch donde empresarios presentan sus startups a un panel de jueces \u00abtodos estrellas\u00bb para elegir cu\u00e1l de ellas es la que merece una inversi\u00f3n de Salesforce Ventures.<\/li>\n\n\n\n<li>Entrevistas de alto perfil con varios de los oradores visionarios del mundo. En ediciones anteriores se han presentado Barack y Michelle Obama, Will Smith, Jane Fonda, Stephen Curry, David Beckham, entre otros.<\/li>\n\n\n\n<li>Una noche incre\u00edble con alguna de las mejores bandas de rock de todos los tiempos. En ediciones anteriores se han presentado bandas como Metallica, The Foo Fighters y The Killers.<\/li>\n<\/ul>\n\n\n<div class=\"wp-block-image my-3\">\n<figure class=\"aligncenter size-full\"><img loading=\"lazy\" decoding=\"async\" width=\"1200\" height=\"874\" src=\"https:\/\/www.theskyplanner.com\/wp-content\/uploads\/2023\/07\/dreamforce-impacto.png\" alt=\"Impacto de Dreamforce\" class=\"wp-image-15959\" title=\"Impacto de Dreamforce\" srcset=\"https:\/\/www.theskyplanner.com\/wp-content\/uploads\/2023\/07\/dreamforce-impacto.png 1200w, https:\/\/www.theskyplanner.com\/wp-content\/uploads\/2023\/07\/dreamforce-impacto-300x219.png 300w, https:\/\/www.theskyplanner.com\/wp-content\/uploads\/2023\/07\/dreamforce-impacto-1024x746.png 1024w, https:\/\/www.theskyplanner.com\/wp-content\/uploads\/2023\/07\/dreamforce-impacto-768x559.png 768w\" sizes=\"auto, (max-width: 1200px) 100vw, 1200px\" \/><\/figure>\n<\/div>\n\n\n<h2 class=\"wp-block-heading\">\u00bfC\u00f3mo participar?<\/h2>\n\n\n\n<p>Al igual que otros eventos postpand\u00e9micos, DreamForce presenta una modalidad h\u00edbrida de participaci\u00f3n. Puedes vivir la experiencia personalmente en San Francisco, registr\u00e1ndote aqu\u00ed. O, en cambio, disfrutar de lo mejor del evento en Salesforce+ que, adem\u00e1s de trasmitir en vivos los momentos m\u00e1s exclusivos, dispondr\u00e1 bajo demanda las sesiones m\u00e1s importantes realizadas entre 24 y 72 horas h\u00e1biles despu\u00e9s del evento. Reg\u00edstrate aqu\u00ed para la experiencia en l\u00ednea gratuita exclusivamente en Salesforce+.<\/p>\n\n\n\n<h3 class=\"wp-block-heading\">BootCamp<\/h3>\n\n\n\n<p>Asimismo, si tres d\u00edas no te parecen suficientes, puedes agregar tres d\u00edas m\u00e1s de entrenamiento en el BootCamp del 9 al 11 de septiembre. Impulsa tu camino hacia la certificaci\u00f3n con un programa de aprendizaje inmersivo junto a expertos certificados. Los roles de Salesforce que podr\u00e1s encontrar en el BootCamp son:<\/p>\n\n\n\n<ul class=\"wp-block-list\">\n<li>Administrador<\/li>\n\n\n\n<li>Administrador Avanzado<\/li>\n\n\n\n<li>Administrador de Flow Builder<\/li>\n\n\n\n<li>Especialista de Email de Marketing Cloud<\/li>\n\n\n\n<li>Desarrollador de Plataforma I<\/li>\n\n\n\n<li>Administrador de Service Cloud<\/li>\n\n\n\n<li>Arquitecto de Datos<\/li>\n\n\n\n<li>Arquitecto de Integraci\u00f3n<\/li>\n<\/ul>\n\n\n\n<div class=\"table-responsive\">\n<table class=\"table my-5\">\n  <thead>\n    <tr class=\"text-body\">\n      <th colspan=\"3\" class=\"text-center border bg-transparent h4 py-3\">Programa del BootCamp<\/th>\n    <\/tr>\n  <\/thead>\n  <thead>\n    <tr class=\"text-white\">\n      <th scope=\"col\" style=\"background-color:#00bda7;\" class=\"border text-center\">s\u00e1bado, 9 de septiembre<\/th>\n      <th scope=\"col\" style=\"background-color:#00a0bd;\" class=\"border text-center\">domingo, 10 de septiembre<\/th>\n      <th scope=\"col\" style=\"background-color:#8a53bd;\" class=\"border text-center\">lunes, 11 de septiembre<\/th>\n    <\/tr>\n  <\/thead>\n  <tbody>\n    <tr> \n      <td class=\"border\">\n        <ul style=\"color:#00bda7;\" class=\"list-group\">\n          <li class=\"list-group-item\">8:30 a.m.\u20135:00 p.m.<br><span class=\"text-body\">Check In &amp; Informaci\u00f3n de Certificaciones<\/span><\/li>\n          <li class=\"list-group-item\">9:00 a.m.\u201312:00 p.m.<br><span class=\"text-body\">Sesi\u00f3n de trabajo por roles<\/span><\/li>\n          <li class=\"list-group-item\">12:00 p.m.\u20131:30 p.m.<br><span class=\"text-body\">Almuerzo<\/span><\/li>\n          <li class=\"list-group-item\">1:30 p.m.\u20135:00 p.m.<br><span class=\"text-body\">Sesi\u00f3n de trabajo por\nroles<\/span><\/li>\n          <li class=\"list-group-item\">5:30 p.m.\u20137:30 p.m.<br><span class=\"text-body\">Recepci\u00f3n de bienvenida\na los Trailblazers<\/li>\n        <\/ul>\n      <\/td>\n      <td class=\"border\">\n        <ul style=\"color:#00a0bd;\" class=\"list-group\">\n          <li class=\"list-group-item\">8:30 a.m.\u20136:30 p.m.<br><span class=\"text-body\">Informaci\u00f3n de Certificaciones<\/span><\/li>\n          <li class=\"list-group-item\">9:00 a.m.\u201312:00 p.m.<br><span class=\"text-body\">Sesi\u00f3n de trabajo por roles<\/span><\/li>\n          <li class=\"list-group-item\">12:00 p.m.\u20131:30 p.m.<br><span class=\"text-body\">Almuerzo<\/span><\/li>\n          <li class=\"list-group-item\">1:30 p.m.\u20135:00 p.m.<br><span class=\"text-body\">Sesi\u00f3n de trabajo por\nroles<\/span><\/li>\n          <li class=\"list-group-item\">5:00 p.m.-6:00 p.m.<br><span class=\"text-body\">Sal\u00f3n de Estudio<\/li>\n        <\/ul>\n      <\/td>\n      <td class=\"border\">\n        <ul style=\"color:#8a53bd;\" class=\"list-group\">\n          <li class=\"list-group-item\">8:30 a.m.\u20131:30 p.m.<br><span class=\"text-body\">Informaci\u00f3n de Certificaciones<\/span><\/li>\n          <li class=\"list-group-item\">9:00 a.m.\u201312:00 p.m.<br><span class=\"text-body\">Sesi\u00f3n de trabajo por roles<\/span><\/li>\n          <li class=\"list-group-item\">12:00 p.m.\u20131:30 p.m.<br><span class=\"text-body\">Almuerzo<\/span><\/li>\n          <li class=\"list-group-item\">1:30 p.m.\u20134:00 p.m.<br><span class=\"text-body\">Sesi\u00f3n de trabajo por\nroles<\/span><\/li>\n          <li class=\"list-group-item\">6:00 p.m.<br><span class=\"text-body\">Examen de certificaci\u00f3n<\/li>\n        <\/ul>\n      <\/td>\n    <\/tr>\n  <\/tbody>\n<\/table>\n<\/div>\n\n\n\n<p>Pues bien \u00a1prep\u00e1rate para aprender, crecer y divertirte como nunca antes! \u00danete al Dreamforce 2023 y forma parte de esta emocionante revoluci\u00f3n tecnol\u00f3gica que est\u00e1 dando forma al futuro empresarial. \u00a1La aventura est\u00e1 a punto de comenzar!<\/p>\n","protected":false},"excerpt":{"rendered":"<p>El megaevento insignia Dreamforce 2023 est\u00e1 a pocos meses de comenzar en la hermosa ciudad de San Francisco. Prep\u00e1rate para sumergirte en el mundo de la transformaci\u00f3n empresarial, bajo el enfoque IA + Datos + CRM. En esta ocasi\u00f3n, brinda la oportunidad de experimentar la innovaci\u00f3n impulsada por IA y descubrir un CRM m\u00e1s inteligente.<\/p>\n","protected":false},"author":17,"featured_media":15926,"comment_status":"closed","ping_status":"open","sticky":false,"template":"","format":"standard","meta":{"pgc_sgb_lightbox_settings":"","footnotes":""},"categories":[273,356],"tags":[613],"sky-post-author":[],"class_list":["post-15958","post","type-post","status-publish","format-standard","has-post-thumbnail","hentry","category-salesforce-es","category-eventos","tag-dreamforce-es"],"_links":{"self":[{"href":"https:\/\/www.theskyplanner.com\/es\/wp-json\/wp\/v2\/posts\/15958","targetHints":{"allow":["GET"]}}],"collection":[{"href":"https:\/\/www.theskyplanner.com\/es\/wp-json\/wp\/v2\/posts"}],"about":[{"href":"https:\/\/www.theskyplanner.com\/es\/wp-json\/wp\/v2\/types\/post"}],"author":[{"embeddable":true,"href":"https:\/\/www.theskyplanner.com\/es\/wp-json\/wp\/v2\/users\/17"}],"replies":[{"embeddable":true,"href":"https:\/\/www.theskyplanner.com\/es\/wp-json\/wp\/v2\/comments?post=15958"}],"version-history":[{"count":37,"href":"https:\/\/www.theskyplanner.com\/es\/wp-json\/wp\/v2\/posts\/15958\/revisions"}],"predecessor-version":[{"id":16069,"href":"https:\/\/www.theskyplanner.com\/es\/wp-json\/wp\/v2\/posts\/15958\/revisions\/16069"}],"wp:featuredmedia":[{"embeddable":true,"href":"https:\/\/www.theskyplanner.com\/es\/wp-json\/wp\/v2\/media\/15926"}],"wp:attachment":[{"href":"https:\/\/www.theskyplanner.com\/es\/wp-json\/wp\/v2\/media?parent=15958"}],"wp:term":[{"taxonomy":"category","embeddable":true,"href":"https:\/\/www.theskyplanner.com\/es\/wp-json\/wp\/v2\/categories?post=15958"},{"taxonomy":"post_tag","embeddable":true,"href":"https:\/\/www.theskyplanner.com\/es\/wp-json\/wp\/v2\/tags?post=15958"},{"taxonomy":"sky-post-author","embeddable":true,"href":"https:\/\/www.theskyplanner.com\/es\/wp-json\/wp\/v2\/sky-post-author?post=15958"}],"curies":[{"name":"wp","href":"https:\/\/api.w.org\/{rel}","templated":true}]}}