{"id":12820,"date":"2022-06-24T09:00:00","date_gmt":"2022-06-24T09:00:00","guid":{"rendered":"https:\/\/www.theskyplanner.com\/?p=12820"},"modified":"2022-07-07T20:21:43","modified_gmt":"2022-07-07T20:21:43","slug":"dreamforce-2022","status":"publish","type":"post","link":"https:\/\/www.theskyplanner.com\/es\/dreamforce-2022\/","title":{"rendered":"Dreamforce 2022, regresa la conferencia estrella de Salesforce"},"content":{"rendered":"\n<p>La conferencia m\u00e1s esperada de Salesforce regresa y lo hace por todo lo alto. Dreamforce 2022 tiene fecha y es pronto. En SkyPlanner te contamos todos los detalles.<\/p>\n\n\n\n<h2 class=\"wp-block-heading\">\u00bfQu\u00e9 es Dreamforce?<\/h2>\n\n\n\n<p>Dreamforce es la conferencia insignia de Salesforce, celebrada anualmente en la ciudad de San Francisco. \u00a1Cada a\u00f1o mueve alrededor de 200 mil asistentes de todas partes del mundo! Cuenta con much\u00edsimos talleres, oportunidades de networking, oradores lumbreras del mundo empresarial y fiestas. S\u00ed, fiestas inolvidables, incluido el Dreamfest, momento de liberar tensiones al ritmo de una banda legendaria.<\/p>\n\n\n\n<p>Anota las fechas: 20, 21 y 22 de septiembre de 2022. Solo tres d\u00edas donde administradores, desarrolladores, arquitectos, novatos y pioneros compartir\u00e1n por igual. Dreamforce incluye a todos dentro del ecosistema de Salesforce.<\/p>\n\n\n\n<h2 class=\"wp-block-heading\">\u00bfPor qu\u00e9 asistir a Dreamforce 2022?<\/h2>\n\n\n\n<p>Pues existen muchas razones para no perderte este momento, te mencionamos algunas.<\/p>\n\n\n\n<ul class=\"wp-block-list\"><li>Uno de los eventos tecnol\u00f3gicos m\u00e1s grandes del mundo.<\/li><li>Experiencia l\u00edder en la industria para aprender c\u00f3mo funciona el futuro.<\/li><li>M\u00faltiples oportunidades de aprendizaje pr\u00e1ctico, innumerables ocasiones para trabajar en red y un mont\u00f3n de conocimientos empresariales. \u00a1Habr\u00e1 m\u00e1s de 1 400 sesiones y breakouts!<\/li><li>Oportunidad de intercambiar con otros Trailblazers, l\u00edderes y oradores visionarios y expertos de Salesforce. \u00a1M\u00e1s de 30 mil asistentes en 25 mil pies cuadrados!<\/li><\/ul>\n\n\n<div class=\"wp-block-image my-5\">\n<figure class=\"aligncenter size-full\"><img loading=\"lazy\" decoding=\"async\" width=\"1024\" height=\"576\" src=\"https:\/\/www.theskyplanner.com\/wp-content\/uploads\/2022\/06\/Dreamforce.webp\" alt=\"Entrada al Parque Nacional Dreamforce en la conferencia de Salesforce\" class=\"wp-image-12813\" title=\"Entrada al Parque Nacional Dreamforce en la conferencia de Salesforce\" srcset=\"https:\/\/www.theskyplanner.com\/wp-content\/uploads\/2022\/06\/Dreamforce.webp 1024w, https:\/\/www.theskyplanner.com\/wp-content\/uploads\/2022\/06\/Dreamforce-300x169.webp 300w, https:\/\/www.theskyplanner.com\/wp-content\/uploads\/2022\/06\/Dreamforce-768x432.webp 768w\" sizes=\"auto, (max-width: 1024px) 100vw, 1024px\" \/><figcaption>Entrada al Parque Nacional Dreamforce en la conferencia de Salesforce. Fuente: <a href=\"https:\/\/www.salesforce.com\/news\/stories\/salesforce-dreamforce-2022-announcement\/\" target=\"_blank\" rel=\"noreferrer noopener\">Salesforce.com<\/a><\/figcaption><\/figure>\n<\/div>\n\n\n<h2 class=\"wp-block-heading\">\u00bfC\u00f3mo participar en Dreamforce 2022?<\/h2>\n\n\n\n<p>Al igual que en otros eventos anteriores de Salesforce, Dreamforce 2022 tendr\u00e1 una modalidad h\u00edbrida: virtual y presencial. La experiencia a partir de la Covid-19 sac\u00f3 a la luz una importante audiencia online, a la que Salesforce no abandonar\u00e1. La conferencia estar\u00e1 disponible bajo demanda en Salesforce+.<\/p>\n\n\n\n<p>Pero si por nada del mundo te quieres perder del entusiasmo v\u00edvido, estate atento. Dentro de muy poco, en julio, iniciar\u00e1 el proceso de registro anticipado al evento con la venta de boletos con un precio m\u00ednimo de 1 299 d\u00f3lares. La reserva anticipada puede ahorrarte hasta 700 d\u00f3lares.<\/p>\n\n\n\n<h2 class=\"wp-block-heading\">\u00bfQu\u00e9 esperar de esta edici\u00f3n de Dreamforce?<\/h2>\n\n\n\n<p>Pues con solo tres d\u00edas, es de suponer que la agenda estar\u00e1 bastante cargada, aunque todav\u00eda tendremos que esperar para verla publicada completamente. No obstante, seguramente encontrar\u00e1s momentos trascendentales en estos d\u00edas. Debates visionarios conducidos por pioneros de cualquier industria y l\u00edderes de opini\u00f3n; sesiones interactivas, \u00faltimas innovaciones de productos en la voz de sus creadores; talleres pr\u00e1cticos, demostraciones en vivo. Sin mencionar que ser\u00e1 una ocasi\u00f3n de incalculable valor para realizar networking y conseguir contactos de personas tanto dentro como fuera del sector.<\/p>\n\n\n\n<p>Entre lo que se puede esperar de Dreamforce 2022 se encuentra:<\/p>\n\n\n\n<ul class=\"wp-block-list\"><li><strong>Conferencia principal: <\/strong>momento esencial para enterarse sobre todo lo acontecido en Salesforce en el \u00faltimo a\u00f1o; as\u00ed como para conocer sus mejores anuncios.<\/li><li><strong>Dreamfest: <\/strong>sin dudas, la sal y pimienta del evento. Momento de despejar en un estadio de beisbol con una banda o artista de lujo. En ediciones anteriores se han presentado bandas como Metallica, The Foo Fighters y The Killers; as\u00ed que este a\u00f1o espera un conciertazo.<\/li><li><strong>Dream Pitch: <\/strong>si eres de los que les gusta las emociones fuertes, no te pierdas esta competencia de lanzamiento de startups. Aqu\u00ed los empresarios presentan sus empresas a un panel de jueces \u00abtodos estrellas\u00bb, que decidir\u00e1n cu\u00e1l de ellas es la que merece una inversi\u00f3n de Salesforce Ventures.<\/li><li><strong>Fiel al n\u00facleo:<\/strong> momento \u00fanico para hacer esas preguntas candentes que tienes a los ejecutivos senior de Salesforce.<\/li><li><strong>Entrevistas de alto perfil:<\/strong> de las oportunidades m\u00e1gicas que brinda Salesforce. Dreamforce 2022 ser\u00e1 lugar para ver varios oradores lumbreras del mundo. En ediciones anteriores se han presentado Barack y Michelle Obama, Will Smith, Jane Fonda, Stephen Curry, David Beckham, entre otros.<\/li><li><strong>Fiestas de socios:<\/strong> aparte de los eventos oficiales y el super Dreamfest, en ediciones anteriores se han dado much\u00edsimas fiestas organizadas por socios de Salesforce.<\/li><\/ul>\n\n\n\n<p>Esto es todo lo que se sabe hasta el momento del Dreamforce 2022. Estate atento a su <a href=\"https:\/\/www.salesforce.com\/dreamforce\/\" target=\"_blank\" rel=\"noreferrer noopener\">p\u00e1gina web<\/a> para cuando se abran los registros, consigas tu boleto y no te pierdas esta inolvidable oportunidad.<\/p>\n","protected":false},"excerpt":{"rendered":"<p>La conferencia de Salesforce m\u00e1s esperada est\u00e1 de regreso y lo hace por todo lo alto. Anota la fecha: 20, 21 y 22 de septiembre de 2022. Solo tres d\u00edas donde administradores, desarrolladores, arquitectos, novatos y pioneros compartir\u00e1n por igual. Cuenta con much\u00edsimos talleres, oportunidades de networking, oradores lumbreras del mundo empresarial y muchas fiestas.<\/p>\n","protected":false},"author":17,"featured_media":12811,"comment_status":"closed","ping_status":"open","sticky":false,"template":"","format":"standard","meta":{"pgc_sgb_lightbox_settings":"","footnotes":""},"categories":[356,9],"tags":[613],"sky-post-author":[],"class_list":["post-12820","post","type-post","status-publish","format-standard","has-post-thumbnail","hentry","category-eventos","category-salesforce","tag-dreamforce-es"],"_links":{"self":[{"href":"https:\/\/www.theskyplanner.com\/es\/wp-json\/wp\/v2\/posts\/12820","targetHints":{"allow":["GET"]}}],"collection":[{"href":"https:\/\/www.theskyplanner.com\/es\/wp-json\/wp\/v2\/posts"}],"about":[{"href":"https:\/\/www.theskyplanner.com\/es\/wp-json\/wp\/v2\/types\/post"}],"author":[{"embeddable":true,"href":"https:\/\/www.theskyplanner.com\/es\/wp-json\/wp\/v2\/users\/17"}],"replies":[{"embeddable":true,"href":"https:\/\/www.theskyplanner.com\/es\/wp-json\/wp\/v2\/comments?post=12820"}],"version-history":[{"count":3,"href":"https:\/\/www.theskyplanner.com\/es\/wp-json\/wp\/v2\/posts\/12820\/revisions"}],"predecessor-version":[{"id":12828,"href":"https:\/\/www.theskyplanner.com\/es\/wp-json\/wp\/v2\/posts\/12820\/revisions\/12828"}],"wp:featuredmedia":[{"embeddable":true,"href":"https:\/\/www.theskyplanner.com\/es\/wp-json\/wp\/v2\/media\/12811"}],"wp:attachment":[{"href":"https:\/\/www.theskyplanner.com\/es\/wp-json\/wp\/v2\/media?parent=12820"}],"wp:term":[{"taxonomy":"category","embeddable":true,"href":"https:\/\/www.theskyplanner.com\/es\/wp-json\/wp\/v2\/categories?post=12820"},{"taxonomy":"post_tag","embeddable":true,"href":"https:\/\/www.theskyplanner.com\/es\/wp-json\/wp\/v2\/tags?post=12820"},{"taxonomy":"sky-post-author","embeddable":true,"href":"https:\/\/www.theskyplanner.com\/es\/wp-json\/wp\/v2\/sky-post-author?post=12820"}],"curies":[{"name":"wp","href":"https:\/\/api.w.org\/{rel}","templated":true}]}}